{"id":2003,"date":"2023-01-09T16:01:31","date_gmt":"2023-01-09T21:01:31","guid":{"rendered":"https:\/\/extratiempo.online\/?p=2003"},"modified":"2023-01-11T14:14:29","modified_gmt":"2023-01-11T19:14:29","slug":"deportista-del-ano-acord-colombia","status":"publish","type":"post","link":"https:\/\/extratiempo.online\/index.php\/2023\/01\/09\/deportista-del-ano-acord-colombia\/","title":{"rendered":"Deportista del A\u00f1o ACORD Colombia"},"content":{"rendered":"<p>[et_pb_section fb_built=\u00bb1&#8243; admin_label=\u00bbHeader\u00bb _builder_version=\u00bb3.22&#8243; custom_padding=\u00bb35px|0px|0|0px|false|false\u00bb locked=\u00bboff\u00bb global_colors_info=\u00bb{}\u00bb][et_pb_row column_structure=\u00bb3_4,1_4&#8243; use_custom_gutter=\u00bbon\u00bb gutter_width=\u00bb2&#8243; _builder_version=\u00bb3.25&#8243; max_width=\u00bb1280px\u00bb use_custom_width=\u00bbon\u00bb custom_width_px=\u00bb1280px\u00bb global_colors_info=\u00bb{}\u00bb][et_pb_column type=\u00bb3_4&#8243; _builder_version=\u00bb3.25&#8243; custom_padding=\u00bb|||\u00bb global_colors_info=\u00bb{}\u00bb custom_padding__hover=\u00bb|||\u00bb][et_pb_text _builder_version=\u00bb3.27.4&#8243; _dynamic_attributes=\u00bbcontent\u00bb text_font=\u00bbWork Sans|700|||||||\u00bb text_text_color=\u00bb#000000&#8243; text_font_size=\u00bb55px\u00bb text_line_height=\u00bb1.3em\u00bb ul_font=\u00bb||||||||\u00bb ol_font=\u00bb||||||||\u00bb header_font=\u00bbWork Sans|700|||||||\u00bb header_font_size=\u00bb55px\u00bb header_line_height=\u00bb1.5em\u00bb header_3_font=\u00bb||||||||\u00bb header_4_font=\u00bb||||||||\u00bb header_5_font=\u00bb||||||||\u00bb header_6_font=\u00bb||||||||\u00bb custom_padding=\u00bb||10px||false|false\u00bb text_font_size_tablet=\u00bb40px\u00bb text_font_size_phone=\u00bb30px\u00bb text_font_size_last_edited=\u00bbon|desktop\u00bb header_font_size_tablet=\u00bb40px\u00bb header_font_size_phone=\u00bb30px\u00bb header_font_size_last_edited=\u00bbon|desktop\u00bb border_color_all=\u00bb#000000&#8243; border_width_bottom=\u00bb4px\u00bb locked=\u00bboff\u00bb global_colors_info=\u00bb{}\u00bb header_2_font_size__hover=\u00bb26px\u00bb header_2_font_size__hover_enabled=\u00bb26px\u00bb header_2_letter_spacing__hover=\u00bb0px\u00bb header_2_letter_spacing__hover_enabled=\u00bb0px\u00bb header_2_line_height__hover=\u00bb1em\u00bb header_2_line_height__hover_enabled=\u00bb1em\u00bb header_2_text_shadow_style__hover=\u00bbnone\u00bb header_2_text_shadow_style__hover_enabled=\u00bbnone\u00bb header_2_text_shadow_color__hover=\u00bbrgba(0,0,0,0.4)\u00bb header_2_text_shadow_color__hover_enabled=\u00bbrgba(0,0,0,0.4)\u00bb]@ET-DC@eyJkeW5hbWljIjp0cnVlLCJjb250ZW50IjoicG9zdF90aXRsZSIsInNldHRpbmdzIjp7ImJlZm9yZSI6IiIsImFmdGVyIjoiIn19@[\/et_pb_text][et_pb_text _builder_version=\u00bb3.27.4&#8243; _dynamic_attributes=\u00bbcontent\u00bb text_font=\u00bbWork Sans|600|||||||\u00bb text_line_height=\u00bb1.4em\u00bb link_font=\u00bb||||||||\u00bb link_text_color=\u00bb#1a0a38&#8243; locked=\u00bboff\u00bb global_colors_info=\u00bb{}\u00bb]@ET-DC@eyJkeW5hbWljIjp0cnVlLCJjb250ZW50IjoicG9zdF9jb21tZW50X2NvdW50Iiwic2V0dGluZ3MiOnsiYmVmb3JlIjoiIiwiYWZ0ZXIiOiIgQ29tbWVudHMgIiwibGlua190b19jb21tZW50c19wYWdlIjoib24ifX0=@[\/et_pb_text][\/et_pb_column][et_pb_column type=\u00bb1_4&#8243; _builder_version=\u00bb3.25&#8243; custom_padding=\u00bb|||\u00bb global_colors_info=\u00bb{}\u00bb custom_padding__hover=\u00bb|||\u00bb][et_pb_blurb title=\u00bb@ET-DC@eyJkeW5hbWljIjp0cnVlLCJjb250ZW50IjoicG9zdF9kYXRlIiwic2V0dGluZ3MiOnsiYmVmb3JlIjoiIiwiYWZ0ZXIiOiIiLCJkYXRlX2Zvcm1hdCI6ImRlZmF1bHQiLCJjdXN0b21fZGF0ZV9mb3JtYXQiOiIifX0=@\u00bb use_icon=\u00bbon\u00bb font_icon=\u00bb&#xe023;||divi||400&#8243; icon_color=\u00bb#00ac69&#8243; icon_placement=\u00bbleft\u00bb image_icon_width=\u00bb16px\u00bb content_max_width=\u00bb1100px\u00bb _builder_version=\u00bb4.13.0&#8243; _dynamic_attributes=\u00bbtitle\u00bb header_font=\u00bbWork Sans|600|||||||\u00bb header_text_align=\u00bbleft\u00bb header_font_size=\u00bb14px\u00bb text_orientation=\u00bbcenter\u00bb custom_margin=\u00bb|||\u00bb animation=\u00bboff\u00bb hover_enabled=\u00bb1&#8243; icon_font_size=\u00bb16px\u00bb locked=\u00bboff\u00bb global_colors_info=\u00bb{}\u00bb icon_color__hover=\u00bb#00ac69&#8243; box_shadow_color__hover_enabled=\u00bbrgba(0,0,0,0.3)\u00bb box_shadow_color__hover=\u00bbrgba(0,0,0,0.3)\u00bb box_shadow_style__hover=\u00bbnone\u00bb box_shadow_style__hover_enabled=\u00bbnone\u00bb use_background_color_gradient__hover=\u00bboff\u00bb use_background_color_gradient__hover_enabled=\u00bboff\u00bb background_color_gradient_start__hover=\u00bb#2b87da\u00bb background_color_gradient_start__hover_enabled=\u00bb#2b87da\u00bb background_color_gradient_end__hover=\u00bb#29c4a9&#8243; background_color_gradient_end__hover_enabled=\u00bb#29c4a9&#8243; background_color_gradient_type__hover=\u00bblinear\u00bb background_color_gradient_type__hover_enabled=\u00bblinear\u00bb background_color_gradient_direction__hover=\u00bb180deg\u00bb background_color_gradient_direction__hover_enabled=\u00bb180deg\u00bb background_color_gradient_direction_radial__hover=\u00bbcenter\u00bb background_color_gradient_direction_radial__hover_enabled=\u00bbcenter\u00bb background_color_gradient_start_position__hover=\u00bb0%\u00bb background_color_gradient_start_position__hover_enabled=\u00bb0%\u00bb background_color_gradient_end_position__hover=\u00bb100%\u00bb background_color_gradient_end_position__hover_enabled=\u00bb100%\u00bb background_color_gradient_overlays_image__hover=\u00bboff\u00bb background_color_gradient_overlays_image__hover_enabled=\u00bboff\u00bb parallax__hover=\u00bboff\u00bb parallax__hover_enabled=\u00bboff\u00bb parallax_method__hover=\u00bbon\u00bb parallax_method__hover_enabled=\u00bbon\u00bb background_size__hover=\u00bbcover\u00bb background_size__hover_enabled=\u00bbcover\u00bb background_position__hover=\u00bbcenter\u00bb background_position__hover_enabled=\u00bbcenter\u00bb background_repeat__hover=\u00bbno-repeat\u00bb background_repeat__hover_enabled=\u00bbno-repeat\u00bb background_blend__hover=\u00bbnormal\u00bb background_blend__hover_enabled=\u00bbnormal\u00bb allow_player_pause__hover=\u00bboff\u00bb allow_player_pause__hover_enabled=\u00bboff\u00bb background_video_pause_outside_viewport__hover=\u00bbon\u00bb background_video_pause_outside_viewport__hover_enabled=\u00bbon\u00bb body_letter_spacing__hover=\u00bb0px\u00bb body_letter_spacing__hover_enabled=\u00bb0px\u00bb body_text_shadow_style__hover=\u00bbnone\u00bb body_text_shadow_style__hover_enabled=\u00bbnone\u00bb body_text_shadow_color__hover=\u00bbrgba(0,0,0,0.4)\u00bb body_text_shadow_color__hover_enabled=\u00bbrgba(0,0,0,0.4)\u00bb][\/et_pb_blurb][\/et_pb_column][\/et_pb_row][\/et_pb_section][et_pb_section fb_built=\u00bb1&#8243; _builder_version=\u00bb4.8.1&#8243; _module_preset=\u00bbdefault\u00bb custom_padding=\u00bb||40px|||\u00bb global_colors_info=\u00bb{}\u00bb][et_pb_row _builder_version=\u00bb4.8.1&#8243; _module_preset=\u00bbdefault\u00bb global_colors_info=\u00bb{}\u00bb][et_pb_column type=\u00bb4_4&#8243; _builder_version=\u00bb4.8.1&#8243; _module_preset=\u00bbdefault\u00bb global_colors_info=\u00bb{}\u00bb][et_pb_text _builder_version=\u00bb4.14.8&#8243; text_font=\u00bb||||||||\u00bb text_line_height=\u00bb2em\u00bb header_font=\u00bb||||||||\u00bb header_2_font=\u00bbWork Sans|700|||||||\u00bb header_2_font_size=\u00bb25px\u00bb header_2_line_height=\u00bb1.5em\u00bb max_width_tablet=\u00bb\u00bb max_width_phone=\u00bb\u00bb max_width_last_edited=\u00bbon|tablet\u00bb custom_padding=\u00bb||13px|||\u00bb header_2_font_size_tablet=\u00bb30px\u00bb header_2_font_size_phone=\u00bb15px\u00bb header_2_font_size_last_edited=\u00bbon|desktop\u00bb locked=\u00bboff\u00bb global_colors_info=\u00bb{}\u00bb header_font_size__hover=\u00bb30px\u00bb header_font_size__hover_enabled=\u00bb30px\u00bb header_letter_spacing__hover=\u00bb0px\u00bb header_letter_spacing__hover_enabled=\u00bb0px\u00bb header_text_shadow_style__hover=\u00bbnone\u00bb header_text_shadow_style__hover_enabled=\u00bbnone\u00bb header_text_shadow_color__hover=\u00bbrgba(0,0,0,0.4)\u00bb header_text_shadow_color__hover_enabled=\u00bbrgba(0,0,0,0.4)\u00bb header_2_font_size__hover=\u00bb26px\u00bb header_2_font_size__hover_enabled=\u00bb26px\u00bb header_2_letter_spacing__hover=\u00bb0px\u00bb header_2_letter_spacing__hover_enabled=\u00bb0px\u00bb header_2_line_height__hover=\u00bb1em\u00bb header_2_line_height__hover_enabled=\u00bb1em\u00bb header_2_text_shadow_style__hover=\u00bbnone\u00bb header_2_text_shadow_style__hover_enabled=\u00bbnone\u00bb header_2_text_shadow_color__hover=\u00bbrgba(0,0,0,0.4)\u00bb header_2_text_shadow_color__hover_enabled=\u00bbrgba(0,0,0,0.4)\u00bb header_3_font_size__hover=\u00bb22px\u00bb header_3_font_size__hover_enabled=\u00bb22px\u00bb header_3_letter_spacing__hover=\u00bb0px\u00bb header_3_letter_spacing__hover_enabled=\u00bb0px\u00bb header_3_line_height__hover=\u00bb1em\u00bb header_3_line_height__hover_enabled=\u00bb1em\u00bb header_3_text_shadow_style__hover=\u00bbnone\u00bb header_3_text_shadow_style__hover_enabled=\u00bbnone\u00bb header_3_text_shadow_color__hover=\u00bbrgba(0,0,0,0.4)\u00bb header_3_text_shadow_color__hover_enabled=\u00bbrgba(0,0,0,0.4)\u00bb header_4_font_size__hover=\u00bb18px\u00bb header_4_font_size__hover_enabled=\u00bb18px\u00bb header_4_letter_spacing__hover=\u00bb0px\u00bb header_4_letter_spacing__hover_enabled=\u00bb0px\u00bb header_4_line_height__hover=\u00bb1em\u00bb header_4_line_height__hover_enabled=\u00bb1em\u00bb header_4_text_shadow_style__hover=\u00bbnone\u00bb header_4_text_shadow_style__hover_enabled=\u00bbnone\u00bb header_4_text_shadow_color__hover=\u00bbrgba(0,0,0,0.4)\u00bb header_4_text_shadow_color__hover_enabled=\u00bbrgba(0,0,0,0.4)\u00bb header_5_font_size__hover=\u00bb16px\u00bb header_5_font_size__hover_enabled=\u00bb16px\u00bb header_5_letter_spacing__hover=\u00bb0px\u00bb header_5_letter_spacing__hover_enabled=\u00bb0px\u00bb header_5_line_height__hover=\u00bb1em\u00bb header_5_line_height__hover_enabled=\u00bb1em\u00bb header_5_text_shadow_style__hover=\u00bbnone\u00bb header_5_text_shadow_style__hover_enabled=\u00bbnone\u00bb header_5_text_shadow_color__hover=\u00bbrgba(0,0,0,0.4)\u00bb header_5_text_shadow_color__hover_enabled=\u00bbrgba(0,0,0,0.4)\u00bb header_6_font_size__hover=\u00bb14px\u00bb header_6_font_size__hover_enabled=\u00bb14px\u00bb header_6_letter_spacing__hover=\u00bb0px\u00bb header_6_letter_spacing__hover_enabled=\u00bb0px\u00bb header_6_line_height__hover=\u00bb1em\u00bb header_6_line_height__hover_enabled=\u00bb1em\u00bb header_6_text_shadow_style__hover=\u00bbnone\u00bb header_6_text_shadow_style__hover_enabled=\u00bbnone\u00bb header_6_text_shadow_color__hover=\u00bbrgba(0,0,0,0.4)\u00bb header_6_text_shadow_color__hover_enabled=\u00bbrgba(0,0,0,0.4)\u00bb text_letter_spacing__hover=\u00bb0px\u00bb text_letter_spacing__hover_enabled=\u00bb0px\u00bb text_text_shadow_style__hover=\u00bbnone\u00bb text_text_shadow_style__hover_enabled=\u00bbnone\u00bb text_text_shadow_color__hover=\u00bbrgba(0,0,0,0.4)\u00bb text_text_shadow_color__hover_enabled=\u00bbrgba(0,0,0,0.4)\u00bb]<\/p>\n<p>El inicio de este 2023 tendr\u00e1 uno de los eventos m\u00e1s importantes en la historia de la premiaci\u00f3n a los mejores deportistas.<\/p>\n<p>&nbsp;<\/p>\n<p>La Ceremonia del Deportista del A\u00f1o ACORD Colombia-Vida y Paz, se celebrar\u00e1 el 31 de enero, gracias al apoyo y compromiso de la Alcald\u00eda de Neiva.<\/p>\n<p>&nbsp;<\/p>\n<p>Un evento que cumplir\u00e1 con todas las expectativas porque el alcalde de la capital huilense, Gorky Mu\u00f1oz Calder\u00f3n, no ahorr\u00f3 esfuerzos y puso todo su empe\u00f1o, en coordinaci\u00f3n con la oficina de Internacionalizaci\u00f3n, liderada por Rafael S\u00e1nchez, para darle el respaldo necesario a un certamen que ACORD COLOMBIA viene realizando con mucho \u00e9xito desde hace 62 a\u00f1os.<\/p>\n<p>&nbsp;<\/p>\n<p>Ser\u00e1 una gran gala con invitados especiales, c\u00f3mo lo ha realizado ACORD Colombia durante las ediciones anteriores, inclusive con un espacio para exaltar las bondades del deporte del Huila, sumado a que el mismo 31 de enero en la ma\u00f1ana habr\u00e1 un Conversatorio dirigido a las personalidades del deporte del Huila. Como expositores estar\u00e1n quienes en la noche ser\u00e1n motivo de exaltaci\u00f3n.<\/p>\n<p>&nbsp;<\/p>\n<p>Confirmaron su asistencia la Ministra del Deporte, Mar\u00eda Isabel Urrutia, quien est\u00e1 nominada al premio Vida y Obra de un Deportista; C\u00e9sar Augusto Londo\u00f1o, nominado al premio Vida y Obra de un periodista, el reconocido narrador de f\u00fatbol Eduardo Luis L\u00f3pez, entre otras personalidades del deporte y el periodismo; as\u00ed como de entes gubernamentales y empresa privada.<\/p>\n<p>&nbsp;<\/p>\n<p>El evento se realizar\u00e1 en El Malec\u00f3n a orillas del R\u00edo Magdalena, una de las joyas tur\u00edsticas de Neiva, y sitio obligado para visitar cuando se recorra esta hermosa regi\u00f3n de nuestro pa\u00eds.<\/p>\n<p>&nbsp;<\/p>\n<p>Se premiar\u00e1n 14 categor\u00edas en el deporte convencional y paral\u00edmpico, porque para ACORD Colombia sigue siendo prioridad el tema de la inclusi\u00f3n.<\/p>\n<p>&nbsp;<\/p>\n<p>Adem\u00e1s, habr\u00e1 reconocimientos especiales para las personas y entidades por su compromiso con el deporte y el periodismo nacional.<\/p>\n<p>&nbsp;<\/p>\n<p>De nuevo agradecimiento especial a la Alcald\u00eda de Neiva, que se vincul\u00f3 directamente a esta importante ceremonia, que tendr\u00e1 transmisi\u00f3n en directo, v\u00eda streaming, con un equipo especializado y difusi\u00f3n por redes sociales.<\/p>\n<p>&nbsp;<\/p>\n<p>Para Faiver Hoyos Hern\u00e1ndez Presidente de Acord Colombia, esta es la mejor oportunidad para incentivar la reactivaci\u00f3n econ\u00f3mica llevando cert\u00e1menes de esta naturaleza a las distintas regiones del pa\u00eds. \u00abTenemos un enorme compromiso con el deporte colombiano, es por ello que Neiva ser\u00e1 la sede de la Gran Noche de los Mejores, como ha sido la costumbre en las anteriores ediciones\u00bb puntualiz\u00f3 el Presidente Nacional.<\/p>\n<p>&nbsp;<\/p>\n<p>Evento: Ceremonia Del Deportista del A\u00f1o ACORD Colombia-Vida y Paz.<\/p>\n<p>Fecha: 31 de enero de 2023<\/p>\n<p>Hora: 7:00 p.m.<\/p>\n<p>Lugar: El hermoso Malec\u00f3n del R\u00edo Magdalena en Neiva.<\/p>\n<p>[\/et_pb_text][\/et_pb_column][\/et_pb_row][\/et_pb_section]<\/p>\n","protected":false},"excerpt":{"rendered":"<p>El inicio de este 2023 tendr\u00e1 uno de los eventos m\u00e1s importantes en la historia de la premiaci\u00f3n a los mejores deportistas. &nbsp; La Ceremonia del Deportista del A\u00f1o ACORD Colombia-Vida y Paz, se celebrar\u00e1 el 31 de enero, gracias al apoyo y compromiso de la Alcald\u00eda de Neiva. &nbsp; Un evento que cumplir\u00e1 con [&hellip;]<\/p>\n","protected":false},"author":1,"featured_media":2009,"comment_status":"open","ping_status":"open","sticky":false,"template":"","format":"standard","meta":{"_et_pb_use_builder":"on","_et_pb_old_content":"","_et_gb_content_width":"","footnotes":""},"categories":[7],"tags":[],"class_list":["post-2003","post","type-post","status-publish","format-standard","has-post-thumbnail","hentry","category-general"],"_links":{"self":[{"href":"https:\/\/extratiempo.online\/index.php\/wp-json\/wp\/v2\/posts\/2003","targetHints":{"allow":["GET"]}}],"collection":[{"href":"https:\/\/extratiempo.online\/index.php\/wp-json\/wp\/v2\/posts"}],"about":[{"href":"https:\/\/extratiempo.online\/index.php\/wp-json\/wp\/v2\/types\/post"}],"author":[{"embeddable":true,"href":"https:\/\/extratiempo.online\/index.php\/wp-json\/wp\/v2\/users\/1"}],"replies":[{"embeddable":true,"href":"https:\/\/extratiempo.online\/index.php\/wp-json\/wp\/v2\/comments?post=2003"}],"version-history":[{"count":3,"href":"https:\/\/extratiempo.online\/index.php\/wp-json\/wp\/v2\/posts\/2003\/revisions"}],"predecessor-version":[{"id":2010,"href":"https:\/\/extratiempo.online\/index.php\/wp-json\/wp\/v2\/posts\/2003\/revisions\/2010"}],"wp:featuredmedia":[{"embeddable":true,"href":"https:\/\/extratiempo.online\/index.php\/wp-json\/wp\/v2\/media\/2009"}],"wp:attachment":[{"href":"https:\/\/extratiempo.online\/index.php\/wp-json\/wp\/v2\/media?parent=2003"}],"wp:term":[{"taxonomy":"category","embeddable":true,"href":"https:\/\/extratiempo.online\/index.php\/wp-json\/wp\/v2\/categories?post=2003"},{"taxonomy":"post_tag","embeddable":true,"href":"https:\/\/extratiempo.online\/index.php\/wp-json\/wp\/v2\/tags?post=2003"}],"curies":[{"name":"wp","href":"https:\/\/api.w.org\/{rel}","templated":true}]}}