{"id":2925,"date":"2025-01-28T13:09:54","date_gmt":"2025-01-28T18:09:54","guid":{"rendered":"https:\/\/extratiempo.online\/?p=2925"},"modified":"2025-01-28T13:09:56","modified_gmt":"2025-01-28T18:09:56","slug":"aporte-a-seleccion-colombia","status":"publish","type":"post","link":"https:\/\/extratiempo.online\/index.php\/2025\/01\/28\/aporte-a-seleccion-colombia\/","title":{"rendered":"Aporte a Selecci\u00f3n Colombia"},"content":{"rendered":"\n<p>Jhon Alexander Valoyes del club deportivo Alianza FC y Felipe Montero Alarc\u00f3n del Real Santander han sido convocados al primer microciclo preparatorio de la Selecci\u00f3n Colombia Masculina Sub 16.<\/p>\n\n\n\n<p>Valoyes y Montero que actualmente conforman la Selecci\u00f3n Santander de F\u00fatbol Masculino Sub 15 han participado del proceso del seleccionado bajo la direcci\u00f3n del D.T. Jimmy Salcedo.<\/p>\n\n\n\n<p>Los dos jugadores se deben presentar en Barranquilla para hacer parte del microciclo de trabajo con el profesor Jorge Serna, del 3 al 13 de febrero.<\/p>\n\n\n\n<figure class=\"wp-block-image size-large\"><img loading=\"lazy\" decoding=\"async\" width=\"1024\" height=\"1024\" src=\"https:\/\/extratiempo.online\/wp-content\/uploads\/2025\/01\/nota-1-1024x1024.jpeg\" alt=\"\" class=\"wp-image-2926\" srcset=\"https:\/\/extratiempo.online\/wp-content\/uploads\/2025\/01\/nota-1-1024x1024.jpeg 1024w, https:\/\/extratiempo.online\/wp-content\/uploads\/2025\/01\/nota-1-980x980.jpeg 980w, https:\/\/extratiempo.online\/wp-content\/uploads\/2025\/01\/nota-1-480x480.jpeg 480w\" sizes=\"(min-width: 0px) and (max-width: 480px) 480px, (min-width: 481px) and (max-width: 980px) 980px, (min-width: 981px) 1024px, 100vw\" \/><\/figure>\n","protected":false},"excerpt":{"rendered":"<p>Jhon Alexander Valoyes del club deportivo Alianza FC y Felipe Montero Alarc\u00f3n del Real Santander han sido convocados al primer microciclo preparatorio de la Selecci\u00f3n Colombia Masculina Sub 16. Valoyes y Montero que actualmente conforman la Selecci\u00f3n Santander de F\u00fatbol Masculino Sub 15 han participado del proceso del seleccionado bajo la direcci\u00f3n del D.T. Jimmy [&hellip;]<\/p>\n","protected":false},"author":2,"featured_media":2926,"comment_status":"open","ping_status":"open","sticky":false,"template":"","format":"standard","meta":{"_et_pb_use_builder":"off","_et_pb_old_content":"","_et_gb_content_width":"","footnotes":""},"categories":[8],"tags":[],"class_list":["post-2925","post","type-post","status-publish","format-standard","has-post-thumbnail","hentry","category-atletico-bucaramanga"],"_links":{"self":[{"href":"https:\/\/extratiempo.online\/index.php\/wp-json\/wp\/v2\/posts\/2925","targetHints":{"allow":["GET"]}}],"collection":[{"href":"https:\/\/extratiempo.online\/index.php\/wp-json\/wp\/v2\/posts"}],"about":[{"href":"https:\/\/extratiempo.online\/index.php\/wp-json\/wp\/v2\/types\/post"}],"author":[{"embeddable":true,"href":"https:\/\/extratiempo.online\/index.php\/wp-json\/wp\/v2\/users\/2"}],"replies":[{"embeddable":true,"href":"https:\/\/extratiempo.online\/index.php\/wp-json\/wp\/v2\/comments?post=2925"}],"version-history":[{"count":1,"href":"https:\/\/extratiempo.online\/index.php\/wp-json\/wp\/v2\/posts\/2925\/revisions"}],"predecessor-version":[{"id":2927,"href":"https:\/\/extratiempo.online\/index.php\/wp-json\/wp\/v2\/posts\/2925\/revisions\/2927"}],"wp:featuredmedia":[{"embeddable":true,"href":"https:\/\/extratiempo.online\/index.php\/wp-json\/wp\/v2\/media\/2926"}],"wp:attachment":[{"href":"https:\/\/extratiempo.online\/index.php\/wp-json\/wp\/v2\/media?parent=2925"}],"wp:term":[{"taxonomy":"category","embeddable":true,"href":"https:\/\/extratiempo.online\/index.php\/wp-json\/wp\/v2\/categories?post=2925"},{"taxonomy":"post_tag","embeddable":true,"href":"https:\/\/extratiempo.online\/index.php\/wp-json\/wp\/v2\/tags?post=2925"}],"curies":[{"name":"wp","href":"https:\/\/api.w.org\/{rel}","templated":true}]}}